{"id":301,"date":"2025-10-28T19:48:44","date_gmt":"2025-10-28T19:48:44","guid":{"rendered":"https:\/\/www.stadtschulpflegschaft-iserlohn.de\/?p=301"},"modified":"2025-10-28T20:04:03","modified_gmt":"2025-10-28T20:04:03","slug":"erweiterung-gesamtschule-seilersee","status":"publish","type":"post","link":"https:\/\/www.stadtschulpflegschaft-iserlohn.de\/?p=301","title":{"rendered":"Erweiterung Gesamtschule Seilersee"},"content":{"rendered":"\n<p class=\"has-black-color has-text-color has-link-color wp-elements-92a636fd1997cdc56e2b7fff576c5487\">Am 10 April 2025 folgte ein Antrag aus der Politik um die Diskussion die Gesamtschule Seilersee um  2 weitere Z\u00fcge im Jahrgang 2026\/2027 f\u00fcr einen befristeten Zeitraum zu erweitern. Dies f\u00fchrte zu vielen Diskussionen &#8211; und der \u00dcberlegung wie man den bislang abgelehnten Eltern auch k\u00fcnftig gerecht zu werden. Im Schulausschuss war es spannend! Man merkt hier wieder: Ein Moratorium kann und sollte es nicht geben! Wie soll sich die Schullandschaft Iserlohn auch in Zukunft weiter entwickeln! Hier kommen spannende Aufgaben auf alle Beteiligten zu. Die Stadtschulpflegschaft sieht ihre Rolle im engen Austausch mit allen Beteiligten, einen offenen transparenten Umgang mit dieser Fragestellung.  <\/p>\n\n\n\n<figure class=\"wp-block-image size-large\"><img loading=\"lazy\" decoding=\"async\" width=\"718\" height=\"1024\" src=\"https:\/\/www.stadtschulpflegschaft-iserlohn.de\/wp-content\/uploads\/2025\/10\/Ges.-Seilersee-IKZ-718x1024.jpg\" alt=\"\" class=\"wp-image-302\" srcset=\"https:\/\/www.stadtschulpflegschaft-iserlohn.de\/wp-content\/uploads\/2025\/10\/Ges.-Seilersee-IKZ-718x1024.jpg 718w, https:\/\/www.stadtschulpflegschaft-iserlohn.de\/wp-content\/uploads\/2025\/10\/Ges.-Seilersee-IKZ-210x300.jpg 210w, https:\/\/www.stadtschulpflegschaft-iserlohn.de\/wp-content\/uploads\/2025\/10\/Ges.-Seilersee-IKZ-768x1096.jpg 768w, https:\/\/www.stadtschulpflegschaft-iserlohn.de\/wp-content\/uploads\/2025\/10\/Ges.-Seilersee-IKZ.jpg 944w\" sizes=\"auto, (max-width: 718px) 100vw, 718px\" \/><\/figure>\n","protected":false},"excerpt":{"rendered":"<p>Gesamtschule Seilersee  k\u00fcnftig auf 1 Jahr 6 z\u00fcgig? <\/p>\n","protected":false},"author":3,"featured_media":302,"comment_status":"closed","ping_status":"closed","sticky":false,"template":"","format":"standard","meta":{"footnotes":""},"categories":[3,4],"tags":[],"class_list":["post-301","post","type-post","status-publish","format-standard","has-post-thumbnail","hentry","category-mitteilungen","category-presse"],"_links":{"self":[{"href":"https:\/\/www.stadtschulpflegschaft-iserlohn.de\/index.php?rest_route=\/wp\/v2\/posts\/301","targetHints":{"allow":["GET"]}}],"collection":[{"href":"https:\/\/www.stadtschulpflegschaft-iserlohn.de\/index.php?rest_route=\/wp\/v2\/posts"}],"about":[{"href":"https:\/\/www.stadtschulpflegschaft-iserlohn.de\/index.php?rest_route=\/wp\/v2\/types\/post"}],"author":[{"embeddable":true,"href":"https:\/\/www.stadtschulpflegschaft-iserlohn.de\/index.php?rest_route=\/wp\/v2\/users\/3"}],"replies":[{"embeddable":true,"href":"https:\/\/www.stadtschulpflegschaft-iserlohn.de\/index.php?rest_route=%2Fwp%2Fv2%2Fcomments&post=301"}],"version-history":[{"count":2,"href":"https:\/\/www.stadtschulpflegschaft-iserlohn.de\/index.php?rest_route=\/wp\/v2\/posts\/301\/revisions"}],"predecessor-version":[{"id":309,"href":"https:\/\/www.stadtschulpflegschaft-iserlohn.de\/index.php?rest_route=\/wp\/v2\/posts\/301\/revisions\/309"}],"wp:featuredmedia":[{"embeddable":true,"href":"https:\/\/www.stadtschulpflegschaft-iserlohn.de\/index.php?rest_route=\/wp\/v2\/media\/302"}],"wp:attachment":[{"href":"https:\/\/www.stadtschulpflegschaft-iserlohn.de\/index.php?rest_route=%2Fwp%2Fv2%2Fmedia&parent=301"}],"wp:term":[{"taxonomy":"category","embeddable":true,"href":"https:\/\/www.stadtschulpflegschaft-iserlohn.de\/index.php?rest_route=%2Fwp%2Fv2%2Fcategories&post=301"},{"taxonomy":"post_tag","embeddable":true,"href":"https:\/\/www.stadtschulpflegschaft-iserlohn.de\/index.php?rest_route=%2Fwp%2Fv2%2Ftags&post=301"}],"curies":[{"name":"wp","href":"https:\/\/api.w.org\/{rel}","templated":true}]}}