{"id":298,"date":"2025-10-28T19:36:30","date_gmt":"2025-10-28T19:36:30","guid":{"rendered":"https:\/\/www.stadtschulpflegschaft-iserlohn.de\/?p=298"},"modified":"2025-10-28T19:36:30","modified_gmt":"2025-10-28T19:36:30","slug":"lek-nrw-20-jahre-jubilaeum","status":"publish","type":"post","link":"https:\/\/www.stadtschulpflegschaft-iserlohn.de\/?p=298","title":{"rendered":"LEK NRW 20 Jahre Jubil\u00e4um"},"content":{"rendered":"\n<p>Im November 2024 konnten wir mit der Landeselternkonferenz NRW auf ihr 20 J\u00e4hriges Bestehen zur\u00fcckblicken und dies auch in einem feierlichen Rahmen genie\u00dfen. Neben dem Austausch mit anderen Stadtschulpflegschaften konnten hier auch politische Vertreter wie Florian Braun (Vorsitzender des Landtagsausschusses f\u00fcr Schule und Bildung), Dirk Schnelle (Schulministerium NRW), Katrin Helling-Plahr (MdB) und dem Vorsitzenden der LEK NRW Christian Beckmann zum Jubil\u00e4um dabei sein.<\/p>\n\n\n\n<figure class=\"wp-block-image size-large\"><img loading=\"lazy\" decoding=\"async\" width=\"768\" height=\"1024\" src=\"https:\/\/www.stadtschulpflegschaft-iserlohn.de\/wp-content\/uploads\/2025\/10\/20-Jahre-LEK-NRW-1-768x1024.jpg\" alt=\"\" class=\"wp-image-299\" srcset=\"https:\/\/www.stadtschulpflegschaft-iserlohn.de\/wp-content\/uploads\/2025\/10\/20-Jahre-LEK-NRW-1-768x1024.jpg 768w, https:\/\/www.stadtschulpflegschaft-iserlohn.de\/wp-content\/uploads\/2025\/10\/20-Jahre-LEK-NRW-1-225x300.jpg 225w, https:\/\/www.stadtschulpflegschaft-iserlohn.de\/wp-content\/uploads\/2025\/10\/20-Jahre-LEK-NRW-1.jpg 1080w\" sizes=\"auto, (max-width: 768px) 100vw, 768px\" \/><\/figure>\n","protected":false},"excerpt":{"rendered":"<p>Im November 2024 konnten wir mit der Landeselternkonferenz NRW auf ihr 20 J\u00e4hriges Bestehen zur\u00fcckblicken und dies auch in einem feierlichen Rahmen genie\u00dfen. Neben dem Austausch mit anderen Stadtschulpflegschaften konnten &#8230;<\/p>\n","protected":false},"author":3,"featured_media":299,"comment_status":"closed","ping_status":"closed","sticky":false,"template":"","format":"standard","meta":{"footnotes":""},"categories":[3],"tags":[],"class_list":["post-298","post","type-post","status-publish","format-standard","has-post-thumbnail","hentry","category-mitteilungen"],"_links":{"self":[{"href":"https:\/\/www.stadtschulpflegschaft-iserlohn.de\/index.php?rest_route=\/wp\/v2\/posts\/298","targetHints":{"allow":["GET"]}}],"collection":[{"href":"https:\/\/www.stadtschulpflegschaft-iserlohn.de\/index.php?rest_route=\/wp\/v2\/posts"}],"about":[{"href":"https:\/\/www.stadtschulpflegschaft-iserlohn.de\/index.php?rest_route=\/wp\/v2\/types\/post"}],"author":[{"embeddable":true,"href":"https:\/\/www.stadtschulpflegschaft-iserlohn.de\/index.php?rest_route=\/wp\/v2\/users\/3"}],"replies":[{"embeddable":true,"href":"https:\/\/www.stadtschulpflegschaft-iserlohn.de\/index.php?rest_route=%2Fwp%2Fv2%2Fcomments&post=298"}],"version-history":[{"count":1,"href":"https:\/\/www.stadtschulpflegschaft-iserlohn.de\/index.php?rest_route=\/wp\/v2\/posts\/298\/revisions"}],"predecessor-version":[{"id":300,"href":"https:\/\/www.stadtschulpflegschaft-iserlohn.de\/index.php?rest_route=\/wp\/v2\/posts\/298\/revisions\/300"}],"wp:featuredmedia":[{"embeddable":true,"href":"https:\/\/www.stadtschulpflegschaft-iserlohn.de\/index.php?rest_route=\/wp\/v2\/media\/299"}],"wp:attachment":[{"href":"https:\/\/www.stadtschulpflegschaft-iserlohn.de\/index.php?rest_route=%2Fwp%2Fv2%2Fmedia&parent=298"}],"wp:term":[{"taxonomy":"category","embeddable":true,"href":"https:\/\/www.stadtschulpflegschaft-iserlohn.de\/index.php?rest_route=%2Fwp%2Fv2%2Fcategories&post=298"},{"taxonomy":"post_tag","embeddable":true,"href":"https:\/\/www.stadtschulpflegschaft-iserlohn.de\/index.php?rest_route=%2Fwp%2Fv2%2Ftags&post=298"}],"curies":[{"name":"wp","href":"https:\/\/api.w.org\/{rel}","templated":true}]}}