{"id":146,"date":"2024-01-13T08:14:19","date_gmt":"2024-01-13T08:14:19","guid":{"rendered":"http:\/\/www.stadtschulpflegschaft-iserlohn.de\/?p=146"},"modified":"2025-10-28T19:14:26","modified_gmt":"2025-10-28T19:14:26","slug":"seite-in-bearbeitung","status":"publish","type":"post","link":"https:\/\/www.stadtschulpflegschaft-iserlohn.de\/?p=146","title":{"rendered":"Neuer Vorstand der Stadtschulpflegschaft gew\u00e4hlt"},"content":{"rendered":"\n<p>Fabienne Fr\u00f6hlich vom MGI (Mitte) steht der Iserlohner Elternvertretung vor; ihr zur Seite stehen Sibylle Dreyer (r., st\u00e4dtische Gesamtschule) und Elena Scheidemann (Gesamtschule Seilersee) als Stellvertreterinnen.<\/p>\n\n\n\n<figure class=\"wp-block-image size-full\"><img loading=\"lazy\" decoding=\"async\" width=\"747\" height=\"545\" src=\"https:\/\/www.stadtschulpflegschaft-iserlohn.de\/wp-content\/uploads\/2024\/01\/Vorstand.jpg\" alt=\"\" class=\"wp-image-170\" srcset=\"https:\/\/www.stadtschulpflegschaft-iserlohn.de\/wp-content\/uploads\/2024\/01\/Vorstand.jpg 747w, https:\/\/www.stadtschulpflegschaft-iserlohn.de\/wp-content\/uploads\/2024\/01\/Vorstand-300x219.jpg 300w\" sizes=\"auto, (max-width: 747px) 100vw, 747px\" \/><\/figure>\n\n\n\n<p><\/p>\n\n\n\n<figure class=\"wp-block-gallery has-nested-images columns-default is-cropped wp-block-gallery-1 is-layout-flex wp-block-gallery-is-layout-flex\">\n<figure class=\"wp-block-image size-large\"><img loading=\"lazy\" decoding=\"async\" width=\"349\" height=\"337\" data-id=\"191\" src=\"https:\/\/www.stadtschulpflegschaft-iserlohn.de\/wp-content\/uploads\/2024\/01\/Uebergabe-1.jpg\" alt=\"\" class=\"wp-image-191\" srcset=\"https:\/\/www.stadtschulpflegschaft-iserlohn.de\/wp-content\/uploads\/2024\/01\/Uebergabe-1.jpg 349w, https:\/\/www.stadtschulpflegschaft-iserlohn.de\/wp-content\/uploads\/2024\/01\/Uebergabe-1-300x290.jpg 300w\" sizes=\"auto, (max-width: 349px) 100vw, 349px\" \/><\/figure>\n\n\n\n<figure class=\"wp-block-image size-large\"><img loading=\"lazy\" decoding=\"async\" width=\"547\" height=\"323\" data-id=\"189\" src=\"https:\/\/www.stadtschulpflegschaft-iserlohn.de\/wp-content\/uploads\/2024\/01\/2-2.jpg\" alt=\"\" class=\"wp-image-189\" srcset=\"https:\/\/www.stadtschulpflegschaft-iserlohn.de\/wp-content\/uploads\/2024\/01\/2-2.jpg 547w, https:\/\/www.stadtschulpflegschaft-iserlohn.de\/wp-content\/uploads\/2024\/01\/2-2-300x177.jpg 300w\" sizes=\"auto, (max-width: 547px) 100vw, 547px\" \/><\/figure>\n\n\n\n<figure class=\"wp-block-image size-large\"><img loading=\"lazy\" decoding=\"async\" width=\"331\" height=\"199\" data-id=\"188\" src=\"https:\/\/www.stadtschulpflegschaft-iserlohn.de\/wp-content\/uploads\/2024\/01\/Elternvertreter-2.jpg\" alt=\"\" class=\"wp-image-188\" srcset=\"https:\/\/www.stadtschulpflegschaft-iserlohn.de\/wp-content\/uploads\/2024\/01\/Elternvertreter-2.jpg 331w, https:\/\/www.stadtschulpflegschaft-iserlohn.de\/wp-content\/uploads\/2024\/01\/Elternvertreter-2-300x180.jpg 300w\" sizes=\"auto, (max-width: 331px) 100vw, 331px\" \/><\/figure>\n<\/figure>\n\n\n\n<p>Amts\u00fcbergabe: Der bisherige Vorsitzende Mirko Manzke gab den Staffelstab bei der Sitzung am 2.11.2023 an Fabienne Fr\u00f6hlich weiter. Die Vorsitzende des Schulausschusses, Delia Imhoff (CDU) gratulierte dem neuen Vorstand. Im Anschluss diskutierte sie mit den Anwesenden aktuelle schulpolitische Themen.<\/p>\n","protected":false},"excerpt":{"rendered":"<p>Fabienne Fr\u00f6hlich vom MGI (Mitte) steht der Iserlohner Elternvertretung vor; ihr zur Seite stehen Sibylle Dreyer (r., st\u00e4dtische Gesamtschule) und Elena Scheidemann (Gesamtschule Seilersee) als Stellvertreterinnen. Amts\u00fcbergabe: Der bisherige Vorsitzende &#8230;<\/p>\n","protected":false},"author":1,"featured_media":0,"comment_status":"closed","ping_status":"closed","sticky":false,"template":"","format":"standard","meta":{"footnotes":""},"categories":[3],"tags":[],"class_list":["post-146","post","type-post","status-publish","format-standard","hentry","category-mitteilungen"],"_links":{"self":[{"href":"https:\/\/www.stadtschulpflegschaft-iserlohn.de\/index.php?rest_route=\/wp\/v2\/posts\/146","targetHints":{"allow":["GET"]}}],"collection":[{"href":"https:\/\/www.stadtschulpflegschaft-iserlohn.de\/index.php?rest_route=\/wp\/v2\/posts"}],"about":[{"href":"https:\/\/www.stadtschulpflegschaft-iserlohn.de\/index.php?rest_route=\/wp\/v2\/types\/post"}],"author":[{"embeddable":true,"href":"https:\/\/www.stadtschulpflegschaft-iserlohn.de\/index.php?rest_route=\/wp\/v2\/users\/1"}],"replies":[{"embeddable":true,"href":"https:\/\/www.stadtschulpflegschaft-iserlohn.de\/index.php?rest_route=%2Fwp%2Fv2%2Fcomments&post=146"}],"version-history":[{"count":5,"href":"https:\/\/www.stadtschulpflegschaft-iserlohn.de\/index.php?rest_route=\/wp\/v2\/posts\/146\/revisions"}],"predecessor-version":[{"id":241,"href":"https:\/\/www.stadtschulpflegschaft-iserlohn.de\/index.php?rest_route=\/wp\/v2\/posts\/146\/revisions\/241"}],"wp:attachment":[{"href":"https:\/\/www.stadtschulpflegschaft-iserlohn.de\/index.php?rest_route=%2Fwp%2Fv2%2Fmedia&parent=146"}],"wp:term":[{"taxonomy":"category","embeddable":true,"href":"https:\/\/www.stadtschulpflegschaft-iserlohn.de\/index.php?rest_route=%2Fwp%2Fv2%2Fcategories&post=146"},{"taxonomy":"post_tag","embeddable":true,"href":"https:\/\/www.stadtschulpflegschaft-iserlohn.de\/index.php?rest_route=%2Fwp%2Fv2%2Ftags&post=146"}],"curies":[{"name":"wp","href":"https:\/\/api.w.org\/{rel}","templated":true}]}}